{"id":150993,"date":"2026-08-31T09:55:39","date_gmt":"2026-08-31T07:55:39","guid":{"rendered":"https:\/\/konsum.ch\/?p=150993"},"modified":"2026-08-31T09:59:23","modified_gmt":"2026-08-31T07:59:23","slug":"wandern-mit-dem-smartphone","status":"publish","type":"post","link":"https:\/\/konsum.ch\/de\/wandern-mit-dem-smartphone\/","title":{"rendered":"Wandern mit dem Smartphone"},"content":{"rendered":"<p><em>Die Zeiten, in denen Wanderkarten aus Papier und Wegweiser die einzige Orientierung bei Ausfl\u00fcgen und Wanderungen boten, sind l\u00e4ngst vorbei. Heute begleiten Apps den gesamten Tag, von der ersten Idee bis hin zur sicheren R\u00fcckkehr. Ein Blick auf einen typischen Ablauf zeigt, wie vielseitig diese digitalen Helfer geworden sind.<\/em><\/p>\n<p>&nbsp;<\/p>\n<p><strong>Der Tag zuvor \/ morgens: Inspiration und Routenplanung<\/strong><br \/>\nDer Wandertag beginnt oft auf dem Sofa. Statt Reisef\u00fchrer oder Karte wird heute das Smartphone gez\u00fcckt. Apps wie SchweizMobil oder swisstopo bieten Tausende offiziell erfasste Routen inklusive detaillierter Karten, H\u00f6henprofile und Zeitangaben. Wer es individueller mag, plant eigene Touren oder importiert GPX-Tracks. Viele Apps erm\u00f6glichen es zudem, vorgeschlagene Routen offline zu speichern. Das ist ein entscheidender Vorteil in abgelegenen Regionen ohne Internet-Empfang, dennoch verbraucht das GPS-Tracking viel Energie. Wer l\u00e4ngere oder besonders abgelegene Touren plant und keine Powerbank mitnehmen m\u00f6chte, ist daher gut beraten, zus\u00e4tzlich ein eigenst\u00e4ndiges GPS-Ger\u00e4t in Betracht zu ziehen.<br \/>\nUnabh\u00e4ngig von der Technik gilt: Die eigene Kondition sollte bereits bei der Planung realistisch eingesch\u00e4tzt werden. Digitale Angaben zu Dauer und Schwierigkeit sind Richtwerte und ersetzen keine Erfahrung.<\/p>\n<p><strong>Anreise: Nahtlos vernetzt<\/strong><br \/>\nIst die Route gew\u00e4hlt, folgt die Organisation der Anreise. Hier zeigt sich die St\u00e4rke vernetzter Apps: Wanderplattformen sind zunehmend mit dem \u00f6ffentlichen Verkehr verkn\u00fcpft. So lassen sich etwa in SchweizMobil Haltestellen inklusive Abfahrtszeiten direkt anzeigen. Erg\u00e4nzend erleichtert die SBB Mobile App die konkrete Reiseplanung. Tickets f\u00fcr Bahn, Bus und teilweise auch Seilbahnen lassen sich direkt in der App erwerben. Das reduziert den Planungsaufwand und vermeidet Wartezeiten vor Ort, besonders bei Punkt-zu-Punkt Wanderungen mit unterschiedlichen Start- und Zielorten.<\/p>\n<p><strong>Kurz vor dem Start: Wetter-Check<\/strong><br \/>\nEin letzter Blick aufs Wetter ist obligatorisch f\u00fcr die Vorbereitung. Spezialisierte Apps liefern pr\u00e4zise Prognosen f\u00fcr Bergregionen, inklusive Niederschlagsradar, Webcams und Warnmeldungen. Tools wie MeteoSwiss oder meteoblue bieten Vorhersagen und helfen einzusch\u00e4tzen, ob sich die Tour durchf\u00fchren l\u00e4sst oder besser verschoben werden sollte. Gerade im Gebirge, wo das Wetter rasch umschlagen kann, sind diese Informationen besonders sicherheitsrelevant. Auch unterwegs lohnt sich ein gelegentlicher Blick auf die Entwicklung des Wetters. Unabh\u00e4ngig vom digitalen Helfer sollte stets passende Ausr\u00fcstung, wie etwa ein Regenschutz oder eine zus\u00e4tzliche W\u00e4rmeschicht, mitgef\u00fchrt werden.<\/p>\n<p><strong>Unterwegs: Navigation und Orientierung<\/strong><br \/>\nAuf der Strecke selbst wird das Smartphone zum Navigationsger\u00e4t. Apps wie bergfex sowie die bereits erw\u00e4hnten SchweizMobil und swisstopo bieten GPS-Tracking und zeigen die aktuelle Position auf der Karte an. Wie bereits in der Vorbereitung erw\u00e4hnt: Viele Anwendungen funktionieren auch offline, sofern Karten zuvor heruntergeladen wurden. So bleibt die Orientierung selbst ohne Mobilfunknetz gew\u00e4hrleistet. Zus\u00e4tzlich liefern manche Apps wie komoot Informationen entlang der Strecke, etwa zu Sehensw\u00fcrdigkeiten, H\u00f6henmetern oder verbleibender Gehzeit. Das Smartphone kann klassische Wanderkarten und -f\u00fchrer damit zunehmend ersetzen. Dennoch bleiben Aufmerksamkeit, Orientierungssinn und Erfahrung im Gel\u00e4nde unverzichtbar.<\/p>\n<p><strong>Sicherheit auf der Route<\/strong><br \/>\nNeben Navigation und Planung \u00fcbernehmen Apps auch wichtige Sicherheitsfunktionen. Die Erste-Hilfe-App des SRK bietet grundlegende Anleitungen f\u00fcr Notf\u00e4lle. Die AlertSwiss-App vom Bundesamt f\u00fcr Bev\u00f6lkerungsschutz informiert via Push-Benachrichtigungen standortbezogen \u00fcber Gefahrenlagen und gibt Verhaltensempfehlungen. In akuten Notf\u00e4llen erm\u00f6glichen Apps wie EchoSOS, Uepaa! oder die Rega-Notfall-App, den eigenen Standort direkt an Rettungsdienste zu \u00fcbermitteln.<\/p>\n<p><strong>Nach der Tour: Auswertung und Inspiration<\/strong><br \/>\nNach der Wanderung ist vor der n\u00e4chsten. Viele Apps zeichnen Strecke, H\u00f6henmeter und Dauer automatisch auf. Diese Daten lassen sich auswerten, mit fr\u00fcheren Touren vergleichen oder mit anderen Sportbegeisterten teilen. Gleichzeitig dienen sie als Inspirationsquelle f\u00fcr weitere Unternehmungen.<\/p>\n<p><strong>Fazit<\/strong><br \/>\nWander-Apps begleiten heute den gesamten Wandertag: von der Planung \u00fcber die Navigation bis zur Unterst\u00fctzung in Notf\u00e4llen und der Nachbereitung. Sie b\u00fcndeln Karten, Wetter, Transport und Sicherheitsfunktionen in einem Ger\u00e4t und machen das Wandern einfacher, flexibler und oft auch sicherer.<br \/>\nDennoch gilt: Technik ist ein Hilfsmittel, kein Ersatz f\u00fcr Erfahrung. Wer sich auf Apps verl\u00e4sst, sollte stets auch grundlegende Orientierungskompetenzen und ein Bewusst sein f\u00fcr alpine Gefahren mitbringen.<\/p>\n<p>&nbsp;<\/p>\n<p><strong>Jonas Rauen <\/strong><br \/>\nKonsumentenforum kf<\/p>\n","protected":false},"excerpt":{"rendered":"<p>Die Zeiten, in denen Wanderkarten aus Papier und Wegweiser die einzige Orientierung bei Ausfl\u00fcgen und Wanderungen boten, sind l\u00e4ngst vorbei. Heute begleiten Apps den gesamten Tag, von der ersten Idee bis hin zur sicheren R\u00fcckkehr. Ein Blick auf einen typischen Ablauf zeigt, wie vielseitig diese digitalen Helfer geworden sind. &nbsp; Der Tag zuvor \/ morgens: [&hellip;]<\/p>\n","protected":false},"author":16,"featured_media":150994,"comment_status":"closed","ping_status":"closed","sticky":false,"template":"","format":"standard","meta":{"_acf_changed":false,"footnotes":""},"categories":[1377],"tags":[],"class_list":["post-150993","post","type-post","status-publish","format-standard","has-post-thumbnail","hentry","category-digital"],"acf":[],"yoast_head":"<!-- This site is optimized with the Yoast SEO plugin v28.4 - https:\/\/yoast.com\/product\/yoast-seo-wordpress\/ -->\n<title>Wandern mit dem Smartphone &#8211; Konsumentenforum<\/title>\n<meta name=\"robots\" content=\"index, follow, max-snippet:-1, max-image-preview:large, max-video-preview:-1\" \/>\n<link rel=\"canonical\" href=\"https:\/\/konsum.ch\/de\/wandern-mit-dem-smartphone\/\" \/>\n<meta property=\"og:locale\" content=\"de_DE\" \/>\n<meta property=\"og:type\" content=\"article\" \/>\n<meta property=\"og:title\" content=\"Wandern mit dem Smartphone &#8211; Konsumentenforum\" \/>\n<meta property=\"og:description\" content=\"Die Zeiten, in denen Wanderkarten aus Papier und Wegweiser die einzige Orientierung bei Ausfl\u00fcgen und Wanderungen boten, sind l\u00e4ngst vorbei. Heute begleiten Apps den gesamten Tag, von der ersten Idee bis hin zur sicheren R\u00fcckkehr. Ein Blick auf einen typischen Ablauf zeigt, wie vielseitig diese digitalen Helfer geworden sind. &nbsp; Der Tag zuvor \/ morgens: [&hellip;]\" \/>\n<meta property=\"og:url\" content=\"https:\/\/konsum.ch\/de\/wandern-mit-dem-smartphone\/\" \/>\n<meta property=\"og:site_name\" content=\"Konsumentenforum\" \/>\n<meta property=\"article:published_time\" content=\"2026-08-31T07:55:39+00:00\" \/>\n<meta property=\"article:modified_time\" content=\"2026-08-31T07:59:23+00:00\" \/>\n<meta property=\"og:image\" content=\"https:\/\/konsum.ch\/wp-content\/uploads\/2026\/08\/Screenshot-2026-08-31-095308.png\" \/>\n\t<meta property=\"og:image:width\" content=\"1276\" \/>\n\t<meta property=\"og:image:height\" content=\"775\" \/>\n\t<meta property=\"og:image:type\" content=\"image\/png\" \/>\n<meta name=\"author\" content=\"Jonas Rauen\" \/>\n<meta name=\"twitter:card\" content=\"summary_large_image\" \/>\n<meta name=\"twitter:label1\" content=\"Verfasst von\" \/>\n\t<meta name=\"twitter:data1\" content=\"Jonas Rauen\" \/>\n\t<meta name=\"twitter:label2\" content=\"Gesch\u00e4tzte Lesezeit\" \/>\n\t<meta name=\"twitter:data2\" content=\"4\u00a0Minuten\" \/>\n<script type=\"application\/ld+json\" class=\"yoast-schema-graph\">{\"@context\":\"https:\\\/\\\/schema.org\",\"@graph\":[{\"@type\":\"Article\",\"@id\":\"https:\\\/\\\/konsum.ch\\\/de\\\/wandern-mit-dem-smartphone\\\/#article\",\"isPartOf\":{\"@id\":\"https:\\\/\\\/konsum.ch\\\/de\\\/wandern-mit-dem-smartphone\\\/\"},\"author\":{\"name\":\"Jonas Rauen\",\"@id\":\"https:\\\/\\\/konsum.ch\\\/de\\\/#\\\/schema\\\/person\\\/a73108de1612bdaac02718e80020eb1e\"},\"headline\":\"Wandern mit dem Smartphone\",\"datePublished\":\"2026-08-31T07:55:39+00:00\",\"dateModified\":\"2026-08-31T07:59:23+00:00\",\"mainEntityOfPage\":{\"@id\":\"https:\\\/\\\/konsum.ch\\\/de\\\/wandern-mit-dem-smartphone\\\/\"},\"wordCount\":677,\"publisher\":{\"@id\":\"https:\\\/\\\/konsum.ch\\\/de\\\/#organization\"},\"image\":{\"@id\":\"https:\\\/\\\/konsum.ch\\\/de\\\/wandern-mit-dem-smartphone\\\/#primaryimage\"},\"thumbnailUrl\":\"https:\\\/\\\/konsum.ch\\\/wp-content\\\/uploads\\\/2026\\\/08\\\/Screenshot-2026-08-31-095308.png\",\"articleSection\":[\"Digital\"],\"inLanguage\":\"de\"},{\"@type\":\"WebPage\",\"@id\":\"https:\\\/\\\/konsum.ch\\\/de\\\/wandern-mit-dem-smartphone\\\/\",\"url\":\"https:\\\/\\\/konsum.ch\\\/de\\\/wandern-mit-dem-smartphone\\\/\",\"name\":\"Wandern mit dem Smartphone &#8211; Konsumentenforum\",\"isPartOf\":{\"@id\":\"https:\\\/\\\/konsum.ch\\\/de\\\/#website\"},\"primaryImageOfPage\":{\"@id\":\"https:\\\/\\\/konsum.ch\\\/de\\\/wandern-mit-dem-smartphone\\\/#primaryimage\"},\"image\":{\"@id\":\"https:\\\/\\\/konsum.ch\\\/de\\\/wandern-mit-dem-smartphone\\\/#primaryimage\"},\"thumbnailUrl\":\"https:\\\/\\\/konsum.ch\\\/wp-content\\\/uploads\\\/2026\\\/08\\\/Screenshot-2026-08-31-095308.png\",\"datePublished\":\"2026-08-31T07:55:39+00:00\",\"dateModified\":\"2026-08-31T07:59:23+00:00\",\"breadcrumb\":{\"@id\":\"https:\\\/\\\/konsum.ch\\\/de\\\/wandern-mit-dem-smartphone\\\/#breadcrumb\"},\"inLanguage\":\"de\",\"potentialAction\":[{\"@type\":\"ReadAction\",\"target\":[\"https:\\\/\\\/konsum.ch\\\/de\\\/wandern-mit-dem-smartphone\\\/\"]}]},{\"@type\":\"ImageObject\",\"inLanguage\":\"de\",\"@id\":\"https:\\\/\\\/konsum.ch\\\/de\\\/wandern-mit-dem-smartphone\\\/#primaryimage\",\"url\":\"https:\\\/\\\/konsum.ch\\\/wp-content\\\/uploads\\\/2026\\\/08\\\/Screenshot-2026-08-31-095308.png\",\"contentUrl\":\"https:\\\/\\\/konsum.ch\\\/wp-content\\\/uploads\\\/2026\\\/08\\\/Screenshot-2026-08-31-095308.png\",\"width\":1276,\"height\":775},{\"@type\":\"BreadcrumbList\",\"@id\":\"https:\\\/\\\/konsum.ch\\\/de\\\/wandern-mit-dem-smartphone\\\/#breadcrumb\",\"itemListElement\":[{\"@type\":\"ListItem\",\"position\":1,\"name\":\"Startseite\",\"item\":\"https:\\\/\\\/konsum.ch\\\/de\\\/\"},{\"@type\":\"ListItem\",\"position\":2,\"name\":\"Wandern mit dem Smartphone\"}]},{\"@type\":\"WebSite\",\"@id\":\"https:\\\/\\\/konsum.ch\\\/de\\\/#website\",\"url\":\"https:\\\/\\\/konsum.ch\\\/de\\\/\",\"name\":\"Konsumentenforum\",\"description\":\"\",\"publisher\":{\"@id\":\"https:\\\/\\\/konsum.ch\\\/de\\\/#organization\"},\"potentialAction\":[{\"@type\":\"SearchAction\",\"target\":{\"@type\":\"EntryPoint\",\"urlTemplate\":\"https:\\\/\\\/konsum.ch\\\/de\\\/?s={search_term_string}\"},\"query-input\":{\"@type\":\"PropertyValueSpecification\",\"valueRequired\":true,\"valueName\":\"search_term_string\"}}],\"inLanguage\":\"de\"},{\"@type\":\"Organization\",\"@id\":\"https:\\\/\\\/konsum.ch\\\/de\\\/#organization\",\"name\":\"Konsumentenforum kf\",\"url\":\"https:\\\/\\\/konsum.ch\\\/de\\\/\",\"logo\":{\"@type\":\"ImageObject\",\"inLanguage\":\"de\",\"@id\":\"https:\\\/\\\/konsum.ch\\\/de\\\/#\\\/schema\\\/logo\\\/image\\\/\",\"url\":\"https:\\\/\\\/konsum.ch\\\/wp-content\\\/uploads\\\/2021\\\/04\\\/kf-Logo-NEU-ohneText-01.png\",\"contentUrl\":\"https:\\\/\\\/konsum.ch\\\/wp-content\\\/uploads\\\/2021\\\/04\\\/kf-Logo-NEU-ohneText-01.png\",\"width\":1477,\"height\":1477,\"caption\":\"Konsumentenforum kf\"},\"image\":{\"@id\":\"https:\\\/\\\/konsum.ch\\\/de\\\/#\\\/schema\\\/logo\\\/image\\\/\"}},{\"@type\":\"Person\",\"@id\":\"https:\\\/\\\/konsum.ch\\\/de\\\/#\\\/schema\\\/person\\\/a73108de1612bdaac02718e80020eb1e\",\"name\":\"Jonas Rauen\",\"image\":{\"@type\":\"ImageObject\",\"inLanguage\":\"de\",\"@id\":\"https:\\\/\\\/secure.gravatar.com\\\/avatar\\\/b0dd710e6034df8fd63d949ae3577ed81d16890e6348b86ef8082ad3548e4f9f?s=96&d=mm&r=g\",\"url\":\"https:\\\/\\\/secure.gravatar.com\\\/avatar\\\/b0dd710e6034df8fd63d949ae3577ed81d16890e6348b86ef8082ad3548e4f9f?s=96&d=mm&r=g\",\"contentUrl\":\"https:\\\/\\\/secure.gravatar.com\\\/avatar\\\/b0dd710e6034df8fd63d949ae3577ed81d16890e6348b86ef8082ad3548e4f9f?s=96&d=mm&r=g\",\"caption\":\"Jonas Rauen\"},\"url\":\"https:\\\/\\\/konsum.ch\\\/de\\\/author\\\/jonas\\\/\"}]}<\/script>\n<!-- \/ Yoast SEO plugin. -->","yoast_head_json":{"title":"Wandern mit dem Smartphone &#8211; Konsumentenforum","robots":{"index":"index","follow":"follow","max-snippet":"max-snippet:-1","max-image-preview":"max-image-preview:large","max-video-preview":"max-video-preview:-1"},"canonical":"https:\/\/konsum.ch\/de\/wandern-mit-dem-smartphone\/","og_locale":"de_DE","og_type":"article","og_title":"Wandern mit dem Smartphone &#8211; Konsumentenforum","og_description":"Die Zeiten, in denen Wanderkarten aus Papier und Wegweiser die einzige Orientierung bei Ausfl\u00fcgen und Wanderungen boten, sind l\u00e4ngst vorbei. Heute begleiten Apps den gesamten Tag, von der ersten Idee bis hin zur sicheren R\u00fcckkehr. Ein Blick auf einen typischen Ablauf zeigt, wie vielseitig diese digitalen Helfer geworden sind. &nbsp; Der Tag zuvor \/ morgens: [&hellip;]","og_url":"https:\/\/konsum.ch\/de\/wandern-mit-dem-smartphone\/","og_site_name":"Konsumentenforum","article_published_time":"2026-08-31T07:55:39+00:00","article_modified_time":"2026-08-31T07:59:23+00:00","og_image":[{"width":1276,"height":775,"url":"https:\/\/konsum.ch\/wp-content\/uploads\/2026\/08\/Screenshot-2026-08-31-095308.png","type":"image\/png"}],"author":"Jonas Rauen","twitter_card":"summary_large_image","twitter_misc":{"Verfasst von":"Jonas Rauen","Gesch\u00e4tzte Lesezeit":"4\u00a0Minuten"},"schema":{"@context":"https:\/\/schema.org","@graph":[{"@type":"Article","@id":"https:\/\/konsum.ch\/de\/wandern-mit-dem-smartphone\/#article","isPartOf":{"@id":"https:\/\/konsum.ch\/de\/wandern-mit-dem-smartphone\/"},"author":{"name":"Jonas Rauen","@id":"https:\/\/konsum.ch\/de\/#\/schema\/person\/a73108de1612bdaac02718e80020eb1e"},"headline":"Wandern mit dem Smartphone","datePublished":"2026-08-31T07:55:39+00:00","dateModified":"2026-08-31T07:59:23+00:00","mainEntityOfPage":{"@id":"https:\/\/konsum.ch\/de\/wandern-mit-dem-smartphone\/"},"wordCount":677,"publisher":{"@id":"https:\/\/konsum.ch\/de\/#organization"},"image":{"@id":"https:\/\/konsum.ch\/de\/wandern-mit-dem-smartphone\/#primaryimage"},"thumbnailUrl":"https:\/\/konsum.ch\/wp-content\/uploads\/2026\/08\/Screenshot-2026-08-31-095308.png","articleSection":["Digital"],"inLanguage":"de"},{"@type":"WebPage","@id":"https:\/\/konsum.ch\/de\/wandern-mit-dem-smartphone\/","url":"https:\/\/konsum.ch\/de\/wandern-mit-dem-smartphone\/","name":"Wandern mit dem Smartphone &#8211; Konsumentenforum","isPartOf":{"@id":"https:\/\/konsum.ch\/de\/#website"},"primaryImageOfPage":{"@id":"https:\/\/konsum.ch\/de\/wandern-mit-dem-smartphone\/#primaryimage"},"image":{"@id":"https:\/\/konsum.ch\/de\/wandern-mit-dem-smartphone\/#primaryimage"},"thumbnailUrl":"https:\/\/konsum.ch\/wp-content\/uploads\/2026\/08\/Screenshot-2026-08-31-095308.png","datePublished":"2026-08-31T07:55:39+00:00","dateModified":"2026-08-31T07:59:23+00:00","breadcrumb":{"@id":"https:\/\/konsum.ch\/de\/wandern-mit-dem-smartphone\/#breadcrumb"},"inLanguage":"de","potentialAction":[{"@type":"ReadAction","target":["https:\/\/konsum.ch\/de\/wandern-mit-dem-smartphone\/"]}]},{"@type":"ImageObject","inLanguage":"de","@id":"https:\/\/konsum.ch\/de\/wandern-mit-dem-smartphone\/#primaryimage","url":"https:\/\/konsum.ch\/wp-content\/uploads\/2026\/08\/Screenshot-2026-08-31-095308.png","contentUrl":"https:\/\/konsum.ch\/wp-content\/uploads\/2026\/08\/Screenshot-2026-08-31-095308.png","width":1276,"height":775},{"@type":"BreadcrumbList","@id":"https:\/\/konsum.ch\/de\/wandern-mit-dem-smartphone\/#breadcrumb","itemListElement":[{"@type":"ListItem","position":1,"name":"Startseite","item":"https:\/\/konsum.ch\/de\/"},{"@type":"ListItem","position":2,"name":"Wandern mit dem Smartphone"}]},{"@type":"WebSite","@id":"https:\/\/konsum.ch\/de\/#website","url":"https:\/\/konsum.ch\/de\/","name":"Konsumentenforum","description":"","publisher":{"@id":"https:\/\/konsum.ch\/de\/#organization"},"potentialAction":[{"@type":"SearchAction","target":{"@type":"EntryPoint","urlTemplate":"https:\/\/konsum.ch\/de\/?s={search_term_string}"},"query-input":{"@type":"PropertyValueSpecification","valueRequired":true,"valueName":"search_term_string"}}],"inLanguage":"de"},{"@type":"Organization","@id":"https:\/\/konsum.ch\/de\/#organization","name":"Konsumentenforum kf","url":"https:\/\/konsum.ch\/de\/","logo":{"@type":"ImageObject","inLanguage":"de","@id":"https:\/\/konsum.ch\/de\/#\/schema\/logo\/image\/","url":"https:\/\/konsum.ch\/wp-content\/uploads\/2021\/04\/kf-Logo-NEU-ohneText-01.png","contentUrl":"https:\/\/konsum.ch\/wp-content\/uploads\/2021\/04\/kf-Logo-NEU-ohneText-01.png","width":1477,"height":1477,"caption":"Konsumentenforum kf"},"image":{"@id":"https:\/\/konsum.ch\/de\/#\/schema\/logo\/image\/"}},{"@type":"Person","@id":"https:\/\/konsum.ch\/de\/#\/schema\/person\/a73108de1612bdaac02718e80020eb1e","name":"Jonas Rauen","image":{"@type":"ImageObject","inLanguage":"de","@id":"https:\/\/secure.gravatar.com\/avatar\/b0dd710e6034df8fd63d949ae3577ed81d16890e6348b86ef8082ad3548e4f9f?s=96&d=mm&r=g","url":"https:\/\/secure.gravatar.com\/avatar\/b0dd710e6034df8fd63d949ae3577ed81d16890e6348b86ef8082ad3548e4f9f?s=96&d=mm&r=g","contentUrl":"https:\/\/secure.gravatar.com\/avatar\/b0dd710e6034df8fd63d949ae3577ed81d16890e6348b86ef8082ad3548e4f9f?s=96&d=mm&r=g","caption":"Jonas Rauen"},"url":"https:\/\/konsum.ch\/de\/author\/jonas\/"}]}},"_links":{"self":[{"href":"https:\/\/konsum.ch\/de\/wp-json\/wp\/v2\/posts\/150993","targetHints":{"allow":["GET"]}}],"collection":[{"href":"https:\/\/konsum.ch\/de\/wp-json\/wp\/v2\/posts"}],"about":[{"href":"https:\/\/konsum.ch\/de\/wp-json\/wp\/v2\/types\/post"}],"author":[{"embeddable":true,"href":"https:\/\/konsum.ch\/de\/wp-json\/wp\/v2\/users\/16"}],"replies":[{"embeddable":true,"href":"https:\/\/konsum.ch\/de\/wp-json\/wp\/v2\/comments?post=150993"}],"version-history":[{"count":1,"href":"https:\/\/konsum.ch\/de\/wp-json\/wp\/v2\/posts\/150993\/revisions"}],"predecessor-version":[{"id":150998,"href":"https:\/\/konsum.ch\/de\/wp-json\/wp\/v2\/posts\/150993\/revisions\/150998"}],"wp:featuredmedia":[{"embeddable":true,"href":"https:\/\/konsum.ch\/de\/wp-json\/wp\/v2\/media\/150994"}],"wp:attachment":[{"href":"https:\/\/konsum.ch\/de\/wp-json\/wp\/v2\/media?parent=150993"}],"wp:term":[{"taxonomy":"category","embeddable":true,"href":"https:\/\/konsum.ch\/de\/wp-json\/wp\/v2\/categories?post=150993"},{"taxonomy":"post_tag","embeddable":true,"href":"https:\/\/konsum.ch\/de\/wp-json\/wp\/v2\/tags?post=150993"}],"curies":[{"name":"wp","href":"https:\/\/api.w.org\/{rel}","templated":true}]}}